{"id":1043,"date":"2014-04-14T15:27:02","date_gmt":"2014-04-14T15:27:02","guid":{"rendered":"http:\/\/prueba.asociacioncomerciantesdepetrer.es\/?page_id=1043"},"modified":"2019-02-07T11:02:19","modified_gmt":"2019-02-07T11:02:19","slug":"la-asociacion-de-comerciantes-prepara-a-sus-clientes-para-el-verano-con-el-sorteo-de-16-regalos","status":"publish","type":"post","link":"https:\/\/asociacioncomerciantesdepetrer.es\/index.php\/2014\/04\/14\/la-asociacion-de-comerciantes-prepara-a-sus-clientes-para-el-verano-con-el-sorteo-de-16-regalos\/","title":{"rendered":"La asociaci\u00f3n de comerciantes prepara a sus clientes para el verano con el sorteo de 16 regalos"},"content":{"rendered":"<p style=\"color: #202020; font-family: Arial, Helvetica, sans-serif; font-size: 14px; line-height: 21px;\"><img loading=\"lazy\" decoding=\"async\" class=\"alignnone size-medium wp-image-75592\" style=\"color: #333333; font-family: Tahoma, Helvetica, Arial, sans-serif; font-size: 12px; line-height: 1.3em;\" title=\"Cartel campa\u00f1a verano asociaci\u00f3n de comerciantes.\" src=\"http:\/\/petreraldia.com\/wp-content\/uploads\/2013\/05\/CARTEL-verano-email-1-263x370.jpg\" width=\"263\" height=\"370\" border=\"0\" \/><\/p>\n<p style=\"color: #202020; font-family: Arial, Helvetica, sans-serif; font-size: 14px; line-height: 21px;\"><span style=\"font-size: 13px; line-height: 19px;\">Nuevo gui\u00f1o de la asociaci\u00f3n de comerciantes a sus clientes. Con el fin de agradecer la fidelidad de los petrerenses que siguen apostando por el comercio local, el colectivo ha puesto en marcha su campa\u00f1a de verano, en la que se sortear\u00e1n 16 regalos entre las compras realizadas hasta el 23 de junio.<\/span><\/p>\n<p><!--more--><\/p>\n<p><span style=\"font-size: 13px; line-height: 19px;\">Para acceder a los premios, se deben rellenar los boletos que ser\u00e1n entregados con cada compra en los establecimientos asociados, \u00a0indicando el nombre, apellidos y n\u00famero de tel\u00e9fono. Como principal novedad, por primera vez tambi\u00e9n se podr\u00e1 participar en el sorteo a trav\u00e9s de su p\u00e1gina web (<\/span><a style=\"font-size: 13px; line-height: 19px; outline: none; color: #205b87;\" href=\"http:\/\/www.asociacioncomerciantesdepetrer.com\/\" target=\"_blank\" rel=\"noopener\">www.asociacioncomerciantesdepetrer.com<\/a><span style=\"font-size: 13px; line-height: 19px;\">), donde se deben cumplimentar los datos solicitados y los de la compra realizada en cualquiera de los comercios de la asociaci\u00f3n.<\/span><\/p>\n<p style=\"color: #202020; font-family: Arial, Helvetica, sans-serif; font-size: 14px; line-height: 21px;\">El sorteo de esta campa\u00f1a estival se celebrar\u00e1 el martes, 25 de junio, a partir de las diez de la ma\u00f1ana en Radio Petrer. La entrega de premios ser\u00e1 el viernes 30 a las cuatro de la tarde en el local social del colectivo local.<\/p>\n","protected":false},"excerpt":{"rendered":"<p>Nuevo gui\u00f1o de la asociaci\u00f3n de comerciantes a sus clientes. Con el fin de agradecer la fidelidad de los petrerenses que siguen apostando por el comercio local, el colectivo ha puesto en marcha su campa\u00f1a de verano, en la que se sortear\u00e1n 16 regalos entre las compras realizadas hasta el 23 de junio. Para acceder [&hellip;]<\/p>\n","protected":false},"author":2,"featured_media":2803,"comment_status":"closed","ping_status":"closed","sticky":false,"template":"","format":"standard","meta":{"footnotes":""},"categories":[10],"tags":[],"class_list":{"0":"post-1043","1":"post","2":"type-post","3":"status-publish","4":"format-standard","5":"has-post-thumbnail","7":"category-noticias","8":"czr-hentry"},"_links":{"self":[{"href":"https:\/\/asociacioncomerciantesdepetrer.es\/index.php\/wp-json\/wp\/v2\/posts\/1043","targetHints":{"allow":["GET"]}}],"collection":[{"href":"https:\/\/asociacioncomerciantesdepetrer.es\/index.php\/wp-json\/wp\/v2\/posts"}],"about":[{"href":"https:\/\/asociacioncomerciantesdepetrer.es\/index.php\/wp-json\/wp\/v2\/types\/post"}],"author":[{"embeddable":true,"href":"https:\/\/asociacioncomerciantesdepetrer.es\/index.php\/wp-json\/wp\/v2\/users\/2"}],"replies":[{"embeddable":true,"href":"https:\/\/asociacioncomerciantesdepetrer.es\/index.php\/wp-json\/wp\/v2\/comments?post=1043"}],"version-history":[{"count":1,"href":"https:\/\/asociacioncomerciantesdepetrer.es\/index.php\/wp-json\/wp\/v2\/posts\/1043\/revisions"}],"predecessor-version":[{"id":2807,"href":"https:\/\/asociacioncomerciantesdepetrer.es\/index.php\/wp-json\/wp\/v2\/posts\/1043\/revisions\/2807"}],"wp:featuredmedia":[{"embeddable":true,"href":"https:\/\/asociacioncomerciantesdepetrer.es\/index.php\/wp-json\/wp\/v2\/media\/2803"}],"wp:attachment":[{"href":"https:\/\/asociacioncomerciantesdepetrer.es\/index.php\/wp-json\/wp\/v2\/media?parent=1043"}],"wp:term":[{"taxonomy":"category","embeddable":true,"href":"https:\/\/asociacioncomerciantesdepetrer.es\/index.php\/wp-json\/wp\/v2\/categories?post=1043"},{"taxonomy":"post_tag","embeddable":true,"href":"https:\/\/asociacioncomerciantesdepetrer.es\/index.php\/wp-json\/wp\/v2\/tags?post=1043"}],"curies":[{"name":"wp","href":"https:\/\/api.w.org\/{rel}","templated":true}]}}