{"id":4326,"date":"2026-01-15T07:49:03","date_gmt":"2026-01-15T07:49:03","guid":{"rendered":"https:\/\/asociacioncomerciantesdepetrer.es\/?p=4326"},"modified":"2026-01-15T07:50:30","modified_gmt":"2026-01-15T07:50:30","slug":"finaliza-la-campana-de-navidad-2025-de-la-asociacion-local-de-comerciantes-de-petrer-con-mas-de-5-000-e-en-premios","status":"publish","type":"post","link":"https:\/\/asociacioncomerciantesdepetrer.es\/index.php\/2026\/01\/15\/finaliza-la-campana-de-navidad-2025-de-la-asociacion-local-de-comerciantes-de-petrer-con-mas-de-5-000-e-en-premios\/","title":{"rendered":"Finaliza la campa\u00f1a de Navidad 2025 de la Asociaci\u00f3n Local de Comerciantes de Petrer con m\u00e1s de 5.000 \u20ac en premios"},"content":{"rendered":"\n<p>La <strong>campa\u00f1a de Navidad 2025<\/strong> de la <strong>Asociaci\u00f3n Local de Comerciantes de Petrer<\/strong>, desarrollada entre el <strong>12 de diciembre de 2025 y el 11 de enero de 2026<\/strong>, ha llegado a su fin con un balance muy positivo tanto en participaci\u00f3n como en impacto para el comercio local.<\/p>\n\n\n\n<p>Como colof\u00f3n a esta iniciativa, el pasado <strong>13 de enero de 2026<\/strong> se celebr\u00f3 el <strong>sorteo p\u00fablico<\/strong> en el que se repartieron <strong>m\u00e1s de 5.000 euros en premios<\/strong>, destinados a reconocer y agradecer la fidelidad de los clientes que, una vez m\u00e1s, han apostado por comprar en los comercios asociados del municipio.<\/p>\n\n\n\n<h3 class=\"wp-block-heading\">Vales de compra para premiar la fidelidad<\/h3>\n\n\n\n<p>Los premios se han distribuido en forma de <strong>vales de compra de 50 euros<\/strong>, canjeables exclusivamente en los <strong>comercios participantes<\/strong> de la asociaci\u00f3n, fomentando as\u00ed que el beneficio revierta directamente en el tejido comercial local.<\/p>\n\n\n\n<p>Las personas que aparezcan en los <strong>listados oficiales de ganadores<\/strong> no deben preocuparse: desde la asociaci\u00f3n se contactar\u00e1 <strong>por tel\u00e9fono antes del 22 de enero de 2026<\/strong> para informarles de todos los detalles sobre la recogida de su premio.<\/p>\n\n\n\n<p>Los <strong>vales de compra podr\u00e1n recogerse los d\u00edas 23 y 24 de enero de 2026<\/strong>, siguiendo las indicaciones que se facilitar\u00e1n de manera individual a cada premiado.<\/p>\n\n\n\n<p>Desde la Asociaci\u00f3n Local de Comerciantes de Petrer queremos <strong>felicitar a todas las personas premiadas<\/strong> y agradecer la excelente acogida que ha tenido esta campa\u00f1a.<\/p>\n\n\n<div class=\"wp-block-image\">\n<figure class=\"aligncenter size-full is-resized\"><a href=\"https:\/\/asociacioncomerciantesdepetrer.es\/wp-content\/uploads\/2026\/01\/2-PUBLICAR-SORTEO-NAVIDAD-REYES-2025-2601-01-1.jpg\"><img loading=\"lazy\" decoding=\"async\" width=\"9816\" height=\"13916\" src=\"https:\/\/asociacioncomerciantesdepetrer.es\/wp-content\/uploads\/2026\/01\/2-PUBLICAR-SORTEO-NAVIDAD-REYES-2025-2601-01-1.jpg\" alt=\"\" class=\"wp-image-4330\" style=\"aspect-ratio:0.7053805093441243;width:712px;height:auto\"\/><\/a><\/figure>\n<\/div>\n\n<div class=\"wp-block-image\">\n<figure class=\"aligncenter size-full is-resized\"><a href=\"https:\/\/asociacioncomerciantesdepetrer.es\/wp-content\/uploads\/2026\/01\/2-PUBLICAR-SORTEO-NAVIDAD-REYES-2025-2602-01.jpg\"><img loading=\"lazy\" decoding=\"async\" width=\"9833\" height=\"13950\" src=\"https:\/\/asociacioncomerciantesdepetrer.es\/wp-content\/uploads\/2026\/01\/2-PUBLICAR-SORTEO-NAVIDAD-REYES-2025-2602-01.jpg\" alt=\"\" class=\"wp-image-4328\" style=\"aspect-ratio:0.7048766719277427;width:723px;height:auto\"\/><\/a><\/figure>\n<\/div>\n\n\n<p><strong>Nota:<\/strong> Si apareces en esta lista, nuestra asociaci\u00f3n se pondr\u00e1 en contacto contigo v\u00eda telef\u00f3nica en unos d\u00edas para coordinar la entrega de tu premio.<\/p>\n\n\n\n<h3 class=\"wp-block-heading\">Fotograf\u00edas del evento<\/h3>\n\n\n\n<p>Aqu\u00ed ten\u00e9is la foto del sorteo para que pod\u00e1is revivir este emocionante momento. <\/p>\n\n\n\n<figure class=\"wp-block-image size-large\"><a href=\"https:\/\/asociacioncomerciantesdepetrer.es\/wp-content\/uploads\/2026\/01\/IMG_2217-scaled.jpg\"><img loading=\"lazy\" decoding=\"async\" width=\"1024\" height=\"768\" src=\"https:\/\/asociacioncomerciantesdepetrer.es\/wp-content\/uploads\/2026\/01\/IMG_2217-1024x768.jpg\" alt=\"\" class=\"wp-image-4329\" srcset=\"https:\/\/asociacioncomerciantesdepetrer.es\/wp-content\/uploads\/2026\/01\/IMG_2217-1024x768.jpg 1024w, https:\/\/asociacioncomerciantesdepetrer.es\/wp-content\/uploads\/2026\/01\/IMG_2217-300x225.jpg 300w, https:\/\/asociacioncomerciantesdepetrer.es\/wp-content\/uploads\/2026\/01\/IMG_2217-768x576.jpg 768w, https:\/\/asociacioncomerciantesdepetrer.es\/wp-content\/uploads\/2026\/01\/IMG_2217-1536x1152.jpg 1536w, https:\/\/asociacioncomerciantesdepetrer.es\/wp-content\/uploads\/2026\/01\/IMG_2217-2048x1536.jpg 2048w\" sizes=\"auto, (max-width: 1024px) 100vw, 1024px\" \/><\/a><\/figure>\n\n\n\n<h3 class=\"wp-block-heading\">Un a\u00f1o completo apoyando al comercio local<\/h3>\n\n\n\n<p>La campa\u00f1a de Navidad forma parte del <strong>calendario anual de acciones<\/strong> que la Asociaci\u00f3n Local de Comerciantes de Petrer desarrolla a lo largo del a\u00f1o con un objetivo claro: <strong>dinamizar el comercio local, incentivar las compras de proximidad y fortalecer la econom\u00eda del municipio<\/strong>.<\/p>\n\n\n\n<p>Durante el a\u00f1o se impulsan diferentes campa\u00f1as promocionales, sorteos, acciones especiales y colaboraciones que buscan premiar la confianza de los clientes y poner en valor la cercan\u00eda, la atenci\u00f3n personalizada y la calidad que ofrecen los comercios locales.<\/p>\n\n\n\n<h3 class=\"wp-block-heading\">Las ventajas de comprar en el comercio de Petrer<\/h3>\n\n\n\n<p>Comprar en el comercio local no solo beneficia al cliente, sino a toda la comunidad. Apostar por los comercios de Petrer significa:<\/p>\n\n\n\n<ul class=\"wp-block-list\">\n<li>Contribuir a la <strong>econom\u00eda local<\/strong><\/li>\n\n\n\n<li>Generar <strong>empleo cercano<\/strong><\/li>\n\n\n\n<li>Disfrutar de un <strong>trato personalizado<\/strong><\/li>\n\n\n\n<li>Mantener viva la <strong>actividad comercial del municipio<\/strong><\/li>\n<\/ul>\n\n\n\n<p>Si en esta ocasi\u00f3n no has resultado premiado, te animamos a <strong>seguirnos en redes sociales y estar atento a pr\u00f3ximas campa\u00f1as<\/strong>, porque <strong>la pr\u00f3xima persona ganadora puedes ser t\u00fa<\/strong>.<\/p>\n\n\n\n<p>La Asociaci\u00f3n Local de Comerciantes de Petrer continuar\u00e1 trabajando durante todo el a\u00f1o para ofrecer nuevas iniciativas que sigan fortaleciendo el comercio de proximidad y premiando la confianza de sus clientes.<\/p>\n\n\n\n<p><strong>\u00a1Enhorabuena a todos los ganadores!<\/strong><\/p>\n","protected":false},"excerpt":{"rendered":"<p>La campa\u00f1a de Navidad 2025 de la Asociaci\u00f3n Local de Comerciantes de Petrer, desarrollada entre el 12 de diciembre de 2025 y el 11 de enero de 2026, ha llegado a su fin con un balance muy positivo tanto en participaci\u00f3n como en impacto para el comercio local. Como colof\u00f3n a esta iniciativa, el pasado [&hellip;]<\/p>\n","protected":false},"author":3,"featured_media":4327,"comment_status":"open","ping_status":"open","sticky":false,"template":"","format":"standard","meta":{"footnotes":""},"categories":[10],"tags":[],"class_list":{"0":"post-4326","1":"post","2":"type-post","3":"status-publish","4":"format-standard","5":"has-post-thumbnail","7":"category-noticias","8":"czr-hentry"},"_links":{"self":[{"href":"https:\/\/asociacioncomerciantesdepetrer.es\/index.php\/wp-json\/wp\/v2\/posts\/4326","targetHints":{"allow":["GET"]}}],"collection":[{"href":"https:\/\/asociacioncomerciantesdepetrer.es\/index.php\/wp-json\/wp\/v2\/posts"}],"about":[{"href":"https:\/\/asociacioncomerciantesdepetrer.es\/index.php\/wp-json\/wp\/v2\/types\/post"}],"author":[{"embeddable":true,"href":"https:\/\/asociacioncomerciantesdepetrer.es\/index.php\/wp-json\/wp\/v2\/users\/3"}],"replies":[{"embeddable":true,"href":"https:\/\/asociacioncomerciantesdepetrer.es\/index.php\/wp-json\/wp\/v2\/comments?post=4326"}],"version-history":[{"count":1,"href":"https:\/\/asociacioncomerciantesdepetrer.es\/index.php\/wp-json\/wp\/v2\/posts\/4326\/revisions"}],"predecessor-version":[{"id":4331,"href":"https:\/\/asociacioncomerciantesdepetrer.es\/index.php\/wp-json\/wp\/v2\/posts\/4326\/revisions\/4331"}],"wp:featuredmedia":[{"embeddable":true,"href":"https:\/\/asociacioncomerciantesdepetrer.es\/index.php\/wp-json\/wp\/v2\/media\/4327"}],"wp:attachment":[{"href":"https:\/\/asociacioncomerciantesdepetrer.es\/index.php\/wp-json\/wp\/v2\/media?parent=4326"}],"wp:term":[{"taxonomy":"category","embeddable":true,"href":"https:\/\/asociacioncomerciantesdepetrer.es\/index.php\/wp-json\/wp\/v2\/categories?post=4326"},{"taxonomy":"post_tag","embeddable":true,"href":"https:\/\/asociacioncomerciantesdepetrer.es\/index.php\/wp-json\/wp\/v2\/tags?post=4326"}],"curies":[{"name":"wp","href":"https:\/\/api.w.org\/{rel}","templated":true}]}}